{"id":42496,"date":"2026-03-08T22:34:00","date_gmt":"2026-03-09T01:34:00","guid":{"rendered":"https:\/\/3vv.com.br\/novo\/?p=42496"},"modified":"2026-03-08T22:35:13","modified_gmt":"2026-03-09T01:35:13","slug":"novorizontino-2x1-palmeiras-final-campeonato-paulista-2026-eh-campeao","status":"publish","type":"post","link":"https:\/\/3vv.com.br\/novo\/novorizontino-2x1-palmeiras-final-campeonato-paulista-2026-eh-campeao\/","title":{"rendered":"Novorizontino 2&#215;1 Palmeiras: \u00e9 CAMPE\u00c3O!"},"content":{"rendered":"\n<p>O Palmeiras jogou no est\u00e1dio Jorge Ismael de Biasi pela segunda partida da final do Campeonato Paulista 2026.<\/p>\n\n\n\n<p>E deu a l\u00f3gica. Palmeiras 2&#215;1. Campe\u00e3o Paulista 2026. <\/p>\n\n\n\n<h2 class=\"wp-block-heading\">1o tempo<\/h2>\n\n\n\n<p>Com o campo encharcado pelas fortes chuvas os times entraram em campo. O Palmerias com Carlos Miguel, Khellven, Gustavo G\u00f3mez, Murilo e Piquerez; Marlon Freitas, Andreas Pereira e Maur\u00edcio; Arias, Vitor Roque e Flaco L\u00f3pez.<\/p>\n\n\n\n<p>O campo n\u00e3o permitia troca de bola. Poucas jogadas de perigo. Mas o Palmeiras conseguiu seu primeiro gol com Murilo, em cobran\u00e7a de falta pela direita, bate rebate e a bola entrou.<\/p>\n\n\n\n<p>N\u00e3o era um jogo normal. E em jogo assim, o gol contra o Palmeiras tamb\u00e9m foi anormal. Em uma boa al\u00e7aca na pequena \u00e1rea, a zaga bateu cabe\u00e7a e Carlos Miguel tomou um franga\u00e7o.<\/p>\n\n\n\n<p>O Novorizontino cresceu. Mas n\u00e3o chegou a gerar perigo.<\/p>\n\n\n\n<h2 class=\"wp-block-heading\">2o tempo<\/h2>\n\n\n\n<p>O Palmeiras voltou sem mudan\u00e7as. O jogo ainda era complicado pelo estado do gramado mas Abel conseguiu ajustar o time para atuar mais no campo do time da casa.<\/p>\n\n\n\n<p>E aos 15&#8242; do segundo tempo em uma bola levantada na \u00e1rea do Novorizontino, o goleiro disputou com \u00c1rias e a bola sobreou para Vitor Roque. Gol! 2&#215;1.<\/p>\n\n\n\n<p>A partir da\u00ed o time da casas mostrou que chegou por acaso \u00e0 final. \u00c9 um time pequeno! Seus jogadores come\u00e7aram a bater. Sob o olhar m\u00edope do \u00e1rbitro.<\/p>\n\n\n\n<p>Vitor Roque tomou uma pancada na cara. Andreas Pereira levou uma solada. E nada!<\/p>\n\n\n\n<p>Felipe Anderson entrou aos 20&#8242; no lugar de Maur\u00edcio. Depois &#8211; aos 34&#8242; &#8211; Abel colocou Lucas Evangelista e Allan (sa\u00edram \u00c1rias e Andreas Pereira). E cinco minutos depois colocou Emiliano Martinez e Sosa (no lugar de Flaco L\u00f3pez e Vitor Roque). <\/p>\n\n\n\n<p>E n\u00e3o teve mais jogo. Bola alta, bola baixa&#8230;. teve um gol anulado (corretamente) do Palmerias. Jogo at\u00e9 os 52&#8217;&#8230;.<\/p>\n\n\n\n<p>E fim de papo.<\/p>\n\n\n\n<p>Palmeiras Campe\u00e3o. Mereceido!<\/p>\n\n\n\n<p>Sauda\u00e7\u00f5es Alviverdes!<\/p>\n\n\n\n<p>***<\/p>\n\n\n\n<h2 class=\"wp-block-heading\">Leia mais<\/h2>\n\n\n<ul class=\"wp-block-latest-posts__list wp-block-latest-posts\"><li><a class=\"wp-block-latest-posts__post-title\" href=\"https:\/\/3vv.com.br\/novo\/rbb-0x1-palmeiras-vitoria-e-destaque-pra-carlos-miguel\/\">RBB 0x1 Palmeiras: vit\u00f3ria e destaque pra Carlos Miguel<\/a><\/li>\n<li><a class=\"wp-block-latest-posts__post-title\" href=\"https:\/\/3vv.com.br\/novo\/arbitragem-de-piero-maza-em-palmeiras-2x1-s-cristal\/\">Arbitragem de Piero Maza em Palmeiras 2&#215;1 S. Cristal<\/a><\/li>\n<li><a class=\"wp-block-latest-posts__post-title\" href=\"https:\/\/3vv.com.br\/novo\/arbitragem-de-flavio-rodrigues-de-souza-cor-0x0-sep\/\">Arbitragem de Flavio ROdrigues de Souza COR 0x0 SEP<\/a><\/li>\n<li><a class=\"wp-block-latest-posts__post-title\" href=\"https:\/\/3vv.com.br\/novo\/corinthians-0x0-palmeiras-uma-vergonha\/\">Corinthians 0x0 Palmeiras: uma vergonha<\/a><\/li>\n<li><a class=\"wp-block-latest-posts__post-title\" href=\"https:\/\/3vv.com.br\/novo\/arbitragem-de-maximiliano-ramirez-em-jun-1x1-sep\/\">Arbitragem de Maximiliano Ram\u00edrez em JUN 1&#215;1 SEP<\/a><\/li>\n<\/ul>","protected":false},"excerpt":{"rendered":"<p>O Palmeiras jogou no est\u00e1dio Jorge Ismael de Biasi pela segunda partida da final do Campeonato Paulista 2026. E deu a l\u00f3gica. Palmeiras 2&#215;1. Campe\u00e3o Paulista 2026. 1o tempo Com o campo encharcado pelas fortes chuvas os times entraram em campo. O Palmerias com Carlos Miguel, Khellven, Gustavo G\u00f3mez, Murilo e Piquerez; Marlon Freitas, Andreas&#8230;<\/p>\n","protected":false},"author":1,"featured_media":42454,"comment_status":"open","ping_status":"open","sticky":false,"template":"","format":"standard","meta":{"h5ap_radio_sources":[],"footnotes":""},"categories":[311,309,675],"tags":[500,676],"class_list":["post-42496","post","type-post","status-publish","format-standard","has-post-thumbnail","hentry","category-jogos-palmeiras-3vv","category-ck5-noticias","category-3vv-paulista-2026","tag-novorizontino","tag-paulista-2026"],"acf":[],"aioseo_notices":[],"_links":{"self":[{"href":"https:\/\/3vv.com.br\/novo\/wp-json\/wp\/v2\/posts\/42496","targetHints":{"allow":["GET"]}}],"collection":[{"href":"https:\/\/3vv.com.br\/novo\/wp-json\/wp\/v2\/posts"}],"about":[{"href":"https:\/\/3vv.com.br\/novo\/wp-json\/wp\/v2\/types\/post"}],"author":[{"embeddable":true,"href":"https:\/\/3vv.com.br\/novo\/wp-json\/wp\/v2\/users\/1"}],"replies":[{"embeddable":true,"href":"https:\/\/3vv.com.br\/novo\/wp-json\/wp\/v2\/comments?post=42496"}],"version-history":[{"count":2,"href":"https:\/\/3vv.com.br\/novo\/wp-json\/wp\/v2\/posts\/42496\/revisions"}],"predecessor-version":[{"id":42499,"href":"https:\/\/3vv.com.br\/novo\/wp-json\/wp\/v2\/posts\/42496\/revisions\/42499"}],"wp:featuredmedia":[{"embeddable":true,"href":"https:\/\/3vv.com.br\/novo\/wp-json\/wp\/v2\/media\/42454"}],"wp:attachment":[{"href":"https:\/\/3vv.com.br\/novo\/wp-json\/wp\/v2\/media?parent=42496"}],"wp:term":[{"taxonomy":"category","embeddable":true,"href":"https:\/\/3vv.com.br\/novo\/wp-json\/wp\/v2\/categories?post=42496"},{"taxonomy":"post_tag","embeddable":true,"href":"https:\/\/3vv.com.br\/novo\/wp-json\/wp\/v2\/tags?post=42496"}],"curies":[{"name":"wp","href":"https:\/\/api.w.org\/{rel}","templated":true}]}}