{"id":42500,"date":"2026-03-10T07:08:42","date_gmt":"2026-03-10T10:08:42","guid":{"rendered":"https:\/\/3vv.com.br\/novo\/?p=42500"},"modified":"2026-03-10T07:10:23","modified_gmt":"2026-03-10T10:10:23","slug":"arbitragem-de-flavio-rodrigues-de-souza-nov-1x2-sep","status":"publish","type":"post","link":"https:\/\/3vv.com.br\/novo\/arbitragem-de-flavio-rodrigues-de-souza-nov-1x2-sep\/","title":{"rendered":"Arbitragem de Fl\u00e1vio ROdrigues de Souza NOV 1&#215;2 SEP"},"content":{"rendered":"\n<p class=\"has-small-font-size\"><em>Cr\u00e9dito da imagem: Cesar Greco\/Palmeiras\/by Canon<\/em><\/p>\n\n\n\n<p><em>Po Oiti Cipriani<\/em><\/p>\n\n\n\n<h2 class=\"wp-block-heading\">NOVO HORIZONTINO&nbsp; 1&#215;2 PALMEIRAS<\/h2>\n\n\n\n<p><strong>COMPETI\u00c7\u00c3O: CAMPEONATO PAULISTA 2026 \u2013 2\u00ba JOGO FINAL <\/strong><\/p>\n\n\n\n<ul class=\"wp-block-list\">\n<li><strong>\u00c1rbitro:<\/strong>&nbsp;Fl\u00e1vio Rodrigues de Souza<\/li>\n\n\n\n<li><strong>\u00c1rbitra Assistente 1:<\/strong>&nbsp;Neuza In\u00eas Back<\/li>\n\n\n\n<li><strong>\u00c1rbitro Assistente 2:&nbsp;<\/strong>Alex Ang Ribeiro<\/li>\n\n\n\n<li><strong>Quarta \u00c1rbitra:&nbsp;<\/strong>Edina Alves Batista<\/li>\n\n\n\n<li><strong>VAR:<\/strong>&nbsp;Jos\u00e9 Cl\u00e1udio Rocha Filho<\/li>\n<\/ul>\n\n\n\n<h2 class=\"wp-block-heading\">\u00c1rbitro <\/h2>\n\n\n\n<p>\u00c1rbitro paulista de 45 anos (29\/07\/1980), FIFA desde 2020. Incluindo o jogo da noite do \u00faltimo domingo em Novo Horizonte, foi a 9\u00aa escala, mostrando 43 cart\u00f5es amarelos e dois vermelhos direto e assinalando um penal.<\/p>\n\n\n\n<p>Este foi o primeiro jogo do Palmeiras no corrente campeonato o 3\u00ba do time do interior. Apitou inclusive o jogo de quartas de final contra o Santos. Este ano \u00e9 o \u00faltimo como \u00e1rbitro internacional, quando ultrapassa 45 anos. \u00c9 um \u00e1rbitro que coleciona pol\u00eamicas em sua carreira. Foi quem expulsou Leo Jardim, goleiro do Vasco, por suposta cera. Foi representado pela equipe carioca e ficou alguns jogos afastados. Foi quem apitou o do jogo das semifinais de 2025, entre Palmeiras 1&#215;0 S\u00e3o Paulo, com gol de p\u00eanalti muito contestado pela equipe tricolor e que tamb\u00e9m gerou um afastamento de jogos.<\/p>\n\n\n\n<h2 class=\"wp-block-heading\">An\u00e1lise T\u00e9cnica<\/h2>\n\n\n\n<p class=\"has-medium-font-size\"><strong>Lances pol\u00eamicos<\/strong><strong><\/strong><\/p>\n\n\n\n<p>O que n\u00e3o faltaram neste jogo foram lances pol\u00eamicos. Vamos nos ater a dois:<\/p>\n\n\n\n<p>1) Primeiro gol do Palmeiras, an\u00e1lise do VAR para impedimento foi mais demorado que corrida de tartarugas. Muito tempo para an\u00e1lise. Na realidade, a grosso modo, a grande maioria de gols marcados nesta situa\u00e7\u00e3o de bola parada lateral, enviada para disputa pelo alto na \u00e1rea advers\u00e1ria, \u00e9 muito dif\u00edcil de definir claramente um ombro, cabe\u00e7a ou p\u00e9s \u00e0 frente alguns cent\u00edmetros. No momento que a bola \u00e9 tocada e o posicionamento de um m\u00ednimo de 15 jogadores dentro da \u00e1rea, com defesa\/ataque se agarrando, se empurrando. Enquanto n\u00e3o tivermos o impedimento autom\u00e1tico, nestes lances deveria prevalecer a decis\u00e3o de campo. Linhas mal tra\u00e7adas, uma mais grossa que outra, mais cria d\u00favidas que respostas.<\/p>\n\n\n\n<p>2) Entrada de R\u00f4mulo em Andreas Pereira: o pr\u00f3prio \u00e1rbitro deveria pedir a revis\u00e3o do VAR, pois quem tem a clara no\u00e7\u00e3o de intensidade \u00e9 ele. O VAR pelo v\u00eddeo, n\u00e3o tem uma no\u00e7\u00e3o real da intensidade.<\/p>\n\n\n\n<p class=\"has-medium-font-size\"><strong>Trabalho de campo<\/strong><strong><\/strong><\/p>\n\n\n\n<p>O estado do campo de jogo, com a chuva intensa que deixou o gramado mais parecendo uma piscina, dificultou o trabalho da arbitragem. Mas &#8230; convenhamos, ele colaborou muito para uma arbitragem confusa. Com o campo pesado como estava, n\u00e3o \u00e9 aconselh\u00e1vel querer deixar o jogo fluir mais livre. A chance de uma contus\u00e3o mais s\u00e9ria \u00e9 imensa, e ele optou por este caminho. E com esta decis\u00e3o deixou de marcar faltas claras e parava outras por contatos mais leves. No primeiro tempo deixou de marcar uma falta acima da m\u00e9dia sobre J. \u00c1rias e na sequ\u00eancia quase sai o gol de empate do time da casa. Assinalou disputa por espa\u00e7o, onde n\u00e3o existia nenhuma falta. Resumindo, n\u00e3o teve participa\u00e7\u00e3o no resultado final, mas foi uma arbitragem de interpreta\u00e7\u00f5es confusas.<\/p>\n\n\n\n<p><strong>AVALIA\u00c7\u00c3O: 6,5<\/strong><strong><\/strong><\/p>\n\n\n\n<h2 class=\"wp-block-heading\">Disciplina<\/h2>\n\n\n\n<p>Assinalou total de 40 faltas, 15 contra o NH e 25 contra o Palmeiras. E mostrou quatro cart\u00f5es amarelos, dois para cada equipe. Foi excesso de rigor a puni\u00e7\u00e3o para Flaco L\u00f3pez, quando o jogador do time do interior colocou a bola mais \u00e0 frente do local de reposi\u00e7\u00e3o em jogo e o atacante deu um toque na bola, para ir para o local correto. Interpretou como tentativa de retardar o jogo, mas este tipo de a\u00e7\u00e3o vemos in\u00fameras vezes em jogos, um querendo ganhar espa\u00e7o e outro tentando impedir este tipo de vantagem.<\/p>\n\n\n\n<p>O restante dos cart\u00f5es para Alvarino, R\u00f4mulo e Gustavo G\u00f3mez foram por jogo temer\u00e1rio. Como dissemos acima, para R\u00f4mulo foi uma entrada beirando jogo brusco grave. Puniu tamb\u00e9m tr\u00eas pessoas das comiss\u00f5es t\u00e9cnicas, dois do Palmeiras e um do NH. Notamos aqui uma falta de crit\u00e9rio nas aplica\u00e7\u00f5es dos cart\u00f5es. Como pode uma equipe que comete 2\/3 a mais de faltas que o advers\u00e1rio (15\/25), ter o mesmo n\u00famero de cart\u00f5es amarelos. A persist\u00eancia de faltas tamb\u00e9m deve ser punida.<\/p>\n\n\n\n<p><strong>AVALIA\u00c7\u00c3O: 6,0<\/strong><strong><\/strong><\/p>\n\n\n\n<h2 class=\"wp-block-heading\">Controle de tempo<\/h2>\n\n\n\n<p><strong>Acr\u00e9scimos:<\/strong><\/p>\n\n\n\n<ul class=\"wp-block-list\">\n<li><strong>1\u00ba tempo 7 minutos<\/strong><\/li>\n\n\n\n<li><strong>2\u00ba tempo 7 minutos<\/strong><\/li>\n<\/ul>\n\n\n\n<ul class=\"wp-block-list\">\n<li><strong>Tempo total de jogo: 104\u201925<\/strong><\/li>\n\n\n\n<li><strong>Bola Rolando: 37\u201939&nbsp; (35,6%)<\/strong><\/li>\n\n\n\n<li><strong>Paradas de jogo: 127<\/strong><\/li>\n\n\n\n<li><strong>Posse de bola: &nbsp;Novorizontino 58% x Palmeiras 42%<\/strong><\/li>\n<\/ul>\n\n\n\n<p>Compreendemos que a situa\u00e7\u00e3o do gramado dificulta o desenvolvimento do jogo, mas convenhamos que termos somente 35% de jogo, \u00e9 um n\u00famero extremamente baixo, por culpa principalmente da arbitragem que n\u00e3o coibiu o retardamento de jogo da equipe interessada neste expediente.<\/p>\n\n\n\n<p><strong>AVALIA\u00c7\u00c3O: 6,0<\/strong><strong><\/strong><\/p>\n\n\n\n<h2 class=\"wp-block-heading\">Assistentes<\/h2>\n\n\n\n<p>Assinalaram somente tr\u00eas impedimentos, mas com as p\u00e9ssimas condi\u00e7\u00f5es de trabalho, o desenvolveram muito bem. Em compensa\u00e7\u00e3o as \u00e1rbitras laterais (4\u00aa e 5\u00aa) fizeram lamban\u00e7a nas substitui\u00e7\u00f5es. Erraram n\u00famero de jogadores para entrar e sair.<\/p>\n\n\n\n<h2 class=\"wp-block-heading\">VAR<\/h2>\n\n\n\n<p>Foram bastante acionados. No gol do Palmeiras, em supostos p\u00eanaltis reclamados pelo NH. Nas jogadas mais bruscas, deveria ao menos alertar o \u00e1rbitro e aparentemente n\u00e3o o fez.<\/p>\n\n\n\n<h2 class=\"wp-block-heading\">Conclus\u00e3o<\/h2>\n\n\n\n<p>Conforme dissemos acima, as condi\u00e7\u00f5es clim\u00e1ticas e do campo de jogo dificultaram muito o trabalho, mas um \u00e1rbitro com a experi\u00eancia deste profissional n\u00e3o deveria fazer um trabalho mediano como o que foi feito.<\/p>\n\n\n\n<p><strong>AVALIA\u00c7\u00c3O FINAL: &nbsp;6,6<\/strong><strong><\/strong><\/p>\n\n\n\n<figure class=\"wp-block-image size-full\"><img loading=\"lazy\" decoding=\"async\" width=\"1004\" height=\"202\" src=\"https:\/\/3vv.com.br\/novo\/wp-content\/uploads\/2026\/03\/image-1.png\" alt=\"\" class=\"wp-image-42507\" srcset=\"https:\/\/3vv.com.br\/novo\/wp-content\/uploads\/2026\/03\/image-1.png 1004w, https:\/\/3vv.com.br\/novo\/wp-content\/uploads\/2026\/03\/image-1-300x60.png 300w, https:\/\/3vv.com.br\/novo\/wp-content\/uploads\/2026\/03\/image-1-768x155.png 768w, https:\/\/3vv.com.br\/novo\/wp-content\/uploads\/2026\/03\/image-1-128x26.png 128w, https:\/\/3vv.com.br\/novo\/wp-content\/uploads\/2026\/03\/image-1-32x6.png 32w, https:\/\/3vv.com.br\/novo\/wp-content\/uploads\/2026\/03\/image-1-356x72.png 356w, https:\/\/3vv.com.br\/novo\/wp-content\/uploads\/2026\/03\/image-1-470x95.png 470w, https:\/\/3vv.com.br\/novo\/wp-content\/uploads\/2026\/03\/image-1-70x14.png 70w, https:\/\/3vv.com.br\/novo\/wp-content\/uploads\/2026\/03\/image-1-100x20.png 100w\" sizes=\"auto, (max-width: 1004px) 100vw, 1004px\" \/><\/figure>\n\n\n\n<p><\/p>\n\n\n\n<h2 class=\"wp-block-heading\">Leia mais<\/h2>\n\n\n<ul class=\"wp-block-latest-posts__list wp-block-latest-posts\"><li><a class=\"wp-block-latest-posts__post-title\" href=\"https:\/\/3vv.com.br\/novo\/rbb-0x1-palmeiras-vitoria-e-destaque-pra-carlos-miguel\/\">RBB 0x1 Palmeiras: vit\u00f3ria e destaque pra Carlos Miguel<\/a><\/li>\n<li><a class=\"wp-block-latest-posts__post-title\" href=\"https:\/\/3vv.com.br\/novo\/arbitragem-de-piero-maza-em-palmeiras-2x1-s-cristal\/\">Arbitragem de Piero Maza em Palmeiras 2&#215;1 S. Cristal<\/a><\/li>\n<li><a class=\"wp-block-latest-posts__post-title\" href=\"https:\/\/3vv.com.br\/novo\/arbitragem-de-flavio-rodrigues-de-souza-cor-0x0-sep\/\">Arbitragem de Flavio ROdrigues de Souza COR 0x0 SEP<\/a><\/li>\n<li><a class=\"wp-block-latest-posts__post-title\" href=\"https:\/\/3vv.com.br\/novo\/corinthians-0x0-palmeiras-uma-vergonha\/\">Corinthians 0x0 Palmeiras: uma vergonha<\/a><\/li>\n<li><a class=\"wp-block-latest-posts__post-title\" href=\"https:\/\/3vv.com.br\/novo\/arbitragem-de-maximiliano-ramirez-em-jun-1x1-sep\/\">Arbitragem de Maximiliano Ram\u00edrez em JUN 1&#215;1 SEP<\/a><\/li>\n<\/ul>","protected":false},"excerpt":{"rendered":"<p>Cr\u00e9dito da imagem: Cesar Greco\/Palmeiras\/by Canon Po Oiti Cipriani NOVO HORIZONTINO&nbsp; 1&#215;2 PALMEIRAS COMPETI\u00c7\u00c3O: CAMPEONATO PAULISTA 2026 \u2013 2\u00ba JOGO FINAL \u00c1rbitro \u00c1rbitro paulista de 45 anos (29\/07\/1980), FIFA desde 2020. Incluindo o jogo da noite do \u00faltimo domingo em Novo Horizonte, foi a 9\u00aa escala, mostrando 43 cart\u00f5es amarelos e dois vermelhos direto e&#8230;<\/p>\n","protected":false},"author":1,"featured_media":42502,"comment_status":"open","ping_status":"open","sticky":false,"template":"","format":"standard","meta":{"h5ap_radio_sources":[],"footnotes":""},"categories":[309,310,675],"tags":[280,287,283],"class_list":["post-42500","post","type-post","status-publish","format-standard","has-post-thumbnail","hentry","category-ck5-noticias","category-osservatorio-arbitrale","category-3vv-paulista-2026","tag-arbitragem","tag-flavio-rodrigues-de-souza","tag-osservatorio-arbitrale"],"acf":[],"aioseo_notices":[],"_links":{"self":[{"href":"https:\/\/3vv.com.br\/novo\/wp-json\/wp\/v2\/posts\/42500","targetHints":{"allow":["GET"]}}],"collection":[{"href":"https:\/\/3vv.com.br\/novo\/wp-json\/wp\/v2\/posts"}],"about":[{"href":"https:\/\/3vv.com.br\/novo\/wp-json\/wp\/v2\/types\/post"}],"author":[{"embeddable":true,"href":"https:\/\/3vv.com.br\/novo\/wp-json\/wp\/v2\/users\/1"}],"replies":[{"embeddable":true,"href":"https:\/\/3vv.com.br\/novo\/wp-json\/wp\/v2\/comments?post=42500"}],"version-history":[{"count":2,"href":"https:\/\/3vv.com.br\/novo\/wp-json\/wp\/v2\/posts\/42500\/revisions"}],"predecessor-version":[{"id":42508,"href":"https:\/\/3vv.com.br\/novo\/wp-json\/wp\/v2\/posts\/42500\/revisions\/42508"}],"wp:featuredmedia":[{"embeddable":true,"href":"https:\/\/3vv.com.br\/novo\/wp-json\/wp\/v2\/media\/42502"}],"wp:attachment":[{"href":"https:\/\/3vv.com.br\/novo\/wp-json\/wp\/v2\/media?parent=42500"}],"wp:term":[{"taxonomy":"category","embeddable":true,"href":"https:\/\/3vv.com.br\/novo\/wp-json\/wp\/v2\/categories?post=42500"},{"taxonomy":"post_tag","embeddable":true,"href":"https:\/\/3vv.com.br\/novo\/wp-json\/wp\/v2\/tags?post=42500"}],"curies":[{"name":"wp","href":"https:\/\/api.w.org\/{rel}","templated":true}]}}