{"id":42514,"date":"2026-03-13T21:20:54","date_gmt":"2026-03-14T00:20:54","guid":{"rendered":"https:\/\/3vv.com.br\/novo\/?p=42514"},"modified":"2026-03-13T21:20:55","modified_gmt":"2026-03-14T00:20:55","slug":"arbitragem-de-savio-pereira-sampaio-vas-2x1-sep","status":"publish","type":"post","link":"https:\/\/3vv.com.br\/novo\/arbitragem-de-savio-pereira-sampaio-vas-2x1-sep\/","title":{"rendered":"Arbitragem de S\u00e1vio Pereira Sampaio VAS 2&#215;1 SEP"},"content":{"rendered":"\n<p class=\"has-small-font-size\"><em>Cr\u00e9dito da imagem: Cesar Greco\/Palmeiras\/by Canon<\/em><\/p>\n\n\n\n<p><em>Por Oiti Cipriani<\/em><\/p>\n\n\n\n<h2 class=\"wp-block-heading\">VASCO DA GAMA 2 X 1 PALMEIRAS<\/h2>\n\n\n\n<p><strong>COMPETI\u00c7\u00c3O CAMPEONATO BRASILEIRO 2026 \u2013 5\u00aa RODADA<\/strong><strong><\/strong><\/p>\n\n\n\n<ul class=\"wp-block-list\">\n<li><strong>\u00c1rbitro<\/strong>: S\u00e1vio Pereira Sampaio<\/li>\n\n\n\n<li><strong>Assistente 1<\/strong>: Nailton Junior de Sousa Oliveira<\/li>\n\n\n\n<li><strong>Assistente 2<\/strong>: Daniel Henrique da Silva Andrade<\/li>\n\n\n\n<li><strong>Quarto \u00e1rbitro<\/strong>: Julio C\u00e9sar Pfleger<\/li>\n\n\n\n<li><strong>VAR<\/strong>: Diego Pombo Lopez<\/li>\n<\/ul>\n\n\n\n<h2 class=\"wp-block-heading\">\u00c1rbitro <\/h2>\n\n\n\n<p>\u00c1rbitro registrado na Federa\u00e7\u00e3o de Bras\u00edlia, com 40 anos \u2013 10\/06\/1986, foi \u00e1rbitro FIFA entre 2022\/2023 e perdeu o escudo maior por defici\u00eancia t\u00e9cnica. O jogo desta noite de quinta-feira no Rio de Janeiro foi o 4\u00ba no presente campeonato, mostrando 19 cart\u00f5es amarelos e um vermelho, e tr\u00eas penalidades m\u00e1ximas. Este \u00e1rbitro \u00e9 uma unanimidade nacional, ningu\u00e9m gosta. J\u00e1 foi representado na Comiss\u00e3o de Arbitragem da CBF pelo Gr\u00eamio, S\u00e3o Paulo, Botafogo, Internacional, etc., mas, infelizmente, est\u00e1 na m\u00e9dia da arbitragem nacional: fraca, omissa em rela\u00e7\u00e3o \u00e0s regras.<\/p>\n\n\n\n<h2 class=\"wp-block-heading\">An\u00e1lise T\u00e9cnica<\/h2>\n\n\n\n<p class=\"has-medium-font-size\"><strong>Lances pol\u00eamicos<\/strong><strong><\/strong><\/p>\n\n\n\n<p>N\u00e3o tivemos lances pol\u00eamicos no jogo.<\/p>\n\n\n\n<p class=\"has-medium-font-size\"><strong>Trabalho de campo<\/strong><strong><\/strong><\/p>\n\n\n\n<p>Surpreendentemente, o \u00e1rbitro n\u00e3o teve nenhuma influ\u00eancia no marcador do jogo. O aspecto t\u00e9cnico influenciou diretamente na condu\u00e7\u00e3o do jogo pelo \u00e1rbitro. O Palmeiras, enquanto teve condi\u00e7\u00f5es f\u00edsicas, tomou conta do jogo, todavia, no segundo tempo, perdeu a vitalidade e o Vasco dominou o jogo.<\/p>\n\n\n\n<p>A partida desenvolveu-se em duas partes distintas: em uma parte do campo em cada per\u00edodo. Esta configura\u00e7\u00e3o permite ao \u00e1rbitro se&nbsp; poupar, sem necessidade de dar longos piques. Entretanto, mesmo quando o jogo exigiu maior disponibilidade f\u00edsica, em bolas lan\u00e7adas a dist\u00e2ncia, este n\u00e3o tinha velocidade para a aproxima\u00e7\u00e3o. Com esta dificuldade, perdeu faltas ocorridas e marcou faltas que n\u00e3o ocorreram, mostrando total falta de crit\u00e9rio em suas decis\u00f5es.&nbsp;<\/p>\n\n\n\n<p><strong>AVALIA\u00c7\u00c3O: 6,0<\/strong><strong><\/strong><\/p>\n\n\n\n<h2 class=\"wp-block-heading\">Disciplina<\/h2>\n\n\n\n<p>Assinalou 24 faltas, seis contra o Vasco e 18 contra o Palmeiras. Mostrou dois cart\u00f5es amarelos para cada equipe \u2013 Tch\u00ea Tch\u00ea e Thiago Mendes pelo Vasco e Allan e Luighi pelo Palmeiras. N\u00e3o vamos entrar no m\u00e9rito se eram jogadas para cart\u00e3o para os quatro jogadores, mas a justificativa para o cart\u00e3o para Luighi, foi de persistir em infringir a regras do jogo, com faltas constantes&#8230; mas, o jogador tinha acabado de entrar no jogo e era sua primeira falta. Se fosse pelo conjunto da obra da equipe, ele teve in\u00fameras oportunidades para aplicar esta puni\u00e7\u00e3o e n\u00e3o o fez. Gustavo G\u00f3mez merecia cart\u00e3o por impedir um ataque promissor e foi sonegado.<\/p>\n\n\n\n<p><strong>AVALIA\u00c7\u00c3O: 5,5<\/strong><strong><\/strong><\/p>\n\n\n\n<h2 class=\"wp-block-heading\">Controle de tempo<\/h2>\n\n\n\n<p><strong>Acr\u00e9scimos:<\/strong><\/p>\n\n\n\n<ul class=\"wp-block-list\">\n<li><strong>1\u00ba tempo 5 minutos<\/strong><\/li>\n\n\n\n<li><strong>2\u00ba tempo 7 minutos<\/strong><\/li>\n<\/ul>\n\n\n\n<p>Considerando as paradas para hidrata\u00e7\u00e3o em ambos os tempos, substitui\u00e7\u00f5es, parada para atendimento ou recupera\u00e7\u00e3o de jogadores, os acr\u00e9scimos foram bem observados.<\/p>\n\n\n\n<ul class=\"wp-block-list\">\n<li><strong>Tempo total de jogo: 101\u201911<\/strong><\/li>\n\n\n\n<li><strong>Bola Rolando: 56\u201957<\/strong><\/li>\n\n\n\n<li><strong>Paradas de jogo: 90<\/strong><\/li>\n\n\n\n<li><strong>Posse de bola: Vasco 50 % x Palmeiras 50 %<\/strong><\/li>\n<\/ul>\n\n\n\n<p><strong>AVALIA\u00c7\u00c3O: 7,0<\/strong><strong><\/strong><\/p>\n\n\n\n<h2 class=\"wp-block-heading\">Assistentes<\/h2>\n\n\n\n<p>Foi assinalado somente um impedimento do Palmeiras. Os assistentes se limitaram a informar sa\u00edda de bola.<\/p>\n\n\n\n<h2 class=\"wp-block-heading\">VAR<\/h2>\n\n\n\n<p>Foi chamado a intervir no segundo gol do Vasco, onde a bola poderia ter tocado no bra\u00e7o do jogador que assinalou o gol e n\u00e3o detectou irregularidade.<\/p>\n\n\n\n<h2 class=\"wp-block-heading\">Conclus\u00e3o<\/h2>\n\n\n\n<p>Pelo n\u00famero de rodadas e a quantidade de escalas deste \u00e1rbitro, percebe-se que \u00e9 algu\u00e9m prestigiado junto \u00e0 Comiss\u00e3o de Arbitragem. Ou ser\u00e1 que tem QI? Pela quantidade de reclama\u00e7\u00f5es que tem no universo do futebol brasileiro, o mais prov\u00e1vel \u00e9 a segunda hip\u00f3tese.<\/p>\n\n\n\n<p><strong>AVALIA\u00c7\u00c3O: 6,0<\/strong><strong><\/strong><\/p>\n\n\n\n<figure class=\"wp-block-image size-full\"><img loading=\"lazy\" decoding=\"async\" width=\"1004\" height=\"202\" src=\"https:\/\/3vv.com.br\/novo\/wp-content\/uploads\/2026\/03\/image-2.png\" alt=\"\" class=\"wp-image-42515\" srcset=\"https:\/\/3vv.com.br\/novo\/wp-content\/uploads\/2026\/03\/image-2.png 1004w, https:\/\/3vv.com.br\/novo\/wp-content\/uploads\/2026\/03\/image-2-300x60.png 300w, https:\/\/3vv.com.br\/novo\/wp-content\/uploads\/2026\/03\/image-2-768x155.png 768w, https:\/\/3vv.com.br\/novo\/wp-content\/uploads\/2026\/03\/image-2-128x26.png 128w, https:\/\/3vv.com.br\/novo\/wp-content\/uploads\/2026\/03\/image-2-32x6.png 32w, https:\/\/3vv.com.br\/novo\/wp-content\/uploads\/2026\/03\/image-2-356x72.png 356w, https:\/\/3vv.com.br\/novo\/wp-content\/uploads\/2026\/03\/image-2-470x95.png 470w, https:\/\/3vv.com.br\/novo\/wp-content\/uploads\/2026\/03\/image-2-70x14.png 70w, https:\/\/3vv.com.br\/novo\/wp-content\/uploads\/2026\/03\/image-2-100x20.png 100w\" sizes=\"auto, (max-width: 1004px) 100vw, 1004px\" \/><\/figure>\n\n\n\n<p><\/p>\n\n\n\n<p>***<\/p>\n\n\n\n<h2 class=\"wp-block-heading\">Leia mais<\/h2>\n\n\n<ul class=\"wp-block-latest-posts__list wp-block-latest-posts\"><li><a class=\"wp-block-latest-posts__post-title\" href=\"https:\/\/3vv.com.br\/novo\/rbb-0x1-palmeiras-vitoria-e-destaque-pra-carlos-miguel\/\">RBB 0x1 Palmeiras: vit\u00f3ria e destaque pra Carlos Miguel<\/a><\/li>\n<li><a class=\"wp-block-latest-posts__post-title\" href=\"https:\/\/3vv.com.br\/novo\/arbitragem-de-piero-maza-em-palmeiras-2x1-s-cristal\/\">Arbitragem de Piero Maza em Palmeiras 2&#215;1 S. Cristal<\/a><\/li>\n<li><a class=\"wp-block-latest-posts__post-title\" href=\"https:\/\/3vv.com.br\/novo\/arbitragem-de-flavio-rodrigues-de-souza-cor-0x0-sep\/\">Arbitragem de Flavio ROdrigues de Souza COR 0x0 SEP<\/a><\/li>\n<li><a class=\"wp-block-latest-posts__post-title\" href=\"https:\/\/3vv.com.br\/novo\/corinthians-0x0-palmeiras-uma-vergonha\/\">Corinthians 0x0 Palmeiras: uma vergonha<\/a><\/li>\n<li><a class=\"wp-block-latest-posts__post-title\" href=\"https:\/\/3vv.com.br\/novo\/arbitragem-de-maximiliano-ramirez-em-jun-1x1-sep\/\">Arbitragem de Maximiliano Ram\u00edrez em JUN 1&#215;1 SEP<\/a><\/li>\n<\/ul>","protected":false},"excerpt":{"rendered":"<p>Cr\u00e9dito da imagem: Cesar Greco\/Palmeiras\/by Canon Por Oiti Cipriani VASCO DA GAMA 2 X 1 PALMEIRAS COMPETI\u00c7\u00c3O CAMPEONATO BRASILEIRO 2026 \u2013 5\u00aa RODADA \u00c1rbitro \u00c1rbitro registrado na Federa\u00e7\u00e3o de Bras\u00edlia, com 40 anos \u2013 10\/06\/1986, foi \u00e1rbitro FIFA entre 2022\/2023 e perdeu o escudo maior por defici\u00eancia t\u00e9cnica. O jogo desta noite de quinta-feira no&#8230;<\/p>\n","protected":false},"author":1,"featured_media":42510,"comment_status":"open","ping_status":"open","sticky":false,"template":"","format":"standard","meta":{"h5ap_radio_sources":[],"footnotes":""},"categories":[311,309,310],"tags":[280,283,402],"class_list":["post-42514","post","type-post","status-publish","format-standard","has-post-thumbnail","hentry","category-jogos-palmeiras-3vv","category-ck5-noticias","category-osservatorio-arbitrale","tag-arbitragem","tag-osservatorio-arbitrale","tag-savio-pereira-sampaio"],"acf":[],"aioseo_notices":[],"_links":{"self":[{"href":"https:\/\/3vv.com.br\/novo\/wp-json\/wp\/v2\/posts\/42514","targetHints":{"allow":["GET"]}}],"collection":[{"href":"https:\/\/3vv.com.br\/novo\/wp-json\/wp\/v2\/posts"}],"about":[{"href":"https:\/\/3vv.com.br\/novo\/wp-json\/wp\/v2\/types\/post"}],"author":[{"embeddable":true,"href":"https:\/\/3vv.com.br\/novo\/wp-json\/wp\/v2\/users\/1"}],"replies":[{"embeddable":true,"href":"https:\/\/3vv.com.br\/novo\/wp-json\/wp\/v2\/comments?post=42514"}],"version-history":[{"count":1,"href":"https:\/\/3vv.com.br\/novo\/wp-json\/wp\/v2\/posts\/42514\/revisions"}],"predecessor-version":[{"id":42516,"href":"https:\/\/3vv.com.br\/novo\/wp-json\/wp\/v2\/posts\/42514\/revisions\/42516"}],"wp:featuredmedia":[{"embeddable":true,"href":"https:\/\/3vv.com.br\/novo\/wp-json\/wp\/v2\/media\/42510"}],"wp:attachment":[{"href":"https:\/\/3vv.com.br\/novo\/wp-json\/wp\/v2\/media?parent=42514"}],"wp:term":[{"taxonomy":"category","embeddable":true,"href":"https:\/\/3vv.com.br\/novo\/wp-json\/wp\/v2\/categories?post=42514"},{"taxonomy":"post_tag","embeddable":true,"href":"https:\/\/3vv.com.br\/novo\/wp-json\/wp\/v2\/tags?post=42514"}],"curies":[{"name":"wp","href":"https:\/\/api.w.org\/{rel}","templated":true}]}}