{"id":42521,"date":"2026-03-16T06:43:40","date_gmt":"2026-03-16T09:43:40","guid":{"rendered":"https:\/\/3vv.com.br\/novo\/?p=42521"},"modified":"2026-03-16T06:43:41","modified_gmt":"2026-03-16T09:43:41","slug":"arbitragem-de-rodrigo-jose-pereira-de-lima-sep-1x0-mir","status":"publish","type":"post","link":"https:\/\/3vv.com.br\/novo\/arbitragem-de-rodrigo-jose-pereira-de-lima-sep-1x0-mir\/","title":{"rendered":"Arbitragem de Rodrigo Jos\u00e9 Pereira de Lima SEP 1&#215;0 MIR"},"content":{"rendered":"\n<p class=\"has-small-font-size\"><em>Cr\u00e9dito da imagem: Cesar Greco\/Palmeiras\/by Canon<\/em><\/p>\n\n\n\n<p><em>Por Oiti Cipriani<\/em><\/p>\n\n\n\n<h2 class=\"wp-block-heading\">PALMEIRAS 1 X 0 MIRASSOL<\/h2>\n\n\n\n<p><strong>COMPETI\u00c7\u00c3O: CAMPEONATO BRASILEIRO \u2013 6\u00aa RODADA<\/strong><strong><\/strong><\/p>\n\n\n\n<ul class=\"wp-block-list\">\n<li><strong>\u00c1rbitro:\u00a0<\/strong>Rodrigo Jos\u00e9 Pereira de Lima (PE)<\/li>\n\n\n\n<li><strong>\u00c1rbitro assistente 1:\u00a0<\/strong>Francisco Chaves Bezerra Junior (PE)<\/li>\n\n\n\n<li><strong>\u00c1rbitro assistente 2:<\/strong>\u00a0Bruno Cesar Chaves Vieira (PE)<\/li>\n\n\n\n<li><strong>Quarto \u00e1rbitro:\u00a0<\/strong>L\u00e9o Sim\u00e3o Holanda (CE)<\/li>\n\n\n\n<li><strong>VAR:<\/strong>\u00a0M\u00e1rcio Henrique de G\u00f3is (SP)<\/li>\n<\/ul>\n\n\n\n<h2 class=\"wp-block-heading\">\u00c1rbitro <\/h2>\n\n\n\n<p>\u00c1rbitro de Jaboat\u00e3o de Guararapes, de 38 anos. Depois de um ano muito consistente no Campeonato Brasileiro de 2023, foi promovido a \u00e1rbitro internacional FIFA no in\u00edcio de 2024.<\/p>\n\n\n\n<p>O jogo da tarde\/noite deste domingo no Allianz Parque foi o 4\u00ba no corrente campeonato, mostrando 23 cart\u00f5es amarelos e assinalando nenhuma penalidade m\u00e1xima.<\/p>\n\n\n\n<h2 class=\"wp-block-heading\">An\u00e1lise T\u00e9cnica<\/h2>\n\n\n\n<p class=\"has-medium-font-size\"><strong>Lances pol\u00eamicos<\/strong><strong><\/strong><\/p>\n\n\n\n<p>\u00danico lance pol\u00eamico, se pudermos cham\u00e1-lo assim, foi quase ao final do jogo, em uma disputa de bola na \u00e1rea de defesa do Palmeiras, o time do interior reclamou penalidade m\u00e1xima, que o VAR n\u00e3o comprovou.<\/p>\n\n\n\n<p class=\"has-medium-font-size\"><strong>Trabalho de campo<\/strong><strong><\/strong><\/p>\n\n\n\n<p>Antes de entrarmos no jogo, vamos fazer uma observa\u00e7\u00e3o a respeito de arbitragem brasileira. Gostar\u00edamos de saber o motivo de \u00e1rbitros fazerem bons jogos e quando s\u00e3o promovidos a \u201cFIFA\u201d ou \u201c\u00e1rbitro CBF\u201d com alguma notoriedade, s\u00e3o picados pela mosca <em>\u201ccbfes acomodatus\u201d<\/em>, deixando de serem \u00e1rbitros e se tornam meros mediadores.<\/p>\n\n\n\n<p>S\u00e3o feitos de bobos pelos jogadores, sendo desrespeitados, e n\u00e3o tomam nenhuma provid\u00eancia.<\/p>\n\n\n\n<p>Eu gostaria ainda de ver estes jogadores metidos a \u201cmalandros\u201d fazerem estas pandegas com Oscar Godoi, Ulisses Tavares, o pr\u00f3prio presidente da Comiss\u00e3o de Arbitragem Rodrigo Cintra, e um \u00e1rbitro pouco conhecido do grande p\u00fablico, Luiz Antonio do Nascimento. Eram todos disciplinadores e os jogadores respeitavam pois sabiam que a qualquer deslize seriam punidos disciplinarmente. Estes \u00e1rbitros citados, davam bronca, puniam sem muita paci\u00eancia.<\/p>\n\n\n\n<p>Mas &#8230; nos dias de hoje, os jogadores t\u00eam um ego de cristal. Se forem xingados pelos \u00e1rbitros, correm nas redes sociais para reclamar. A\u00ed surgem os coleguinhas deles da m\u00eddia, e fazem um carnaval digno da Sapuca\u00ed. Pode ser que aqui resida a resposta para as p\u00e9ssimas e covardes arbitragens que vemos no nosso Pa\u00eds.<\/p>\n\n\n\n<p>Isto posto vamos falar da mediana arbitragem que vimos neste domingo no Allianz.&nbsp;<\/p>\n\n\n\n<p>Um \u00e1rbitro promissor, por\u00e9m, estava confuso em suas interpreta\u00e7\u00f5es e marca\u00e7\u00f5es. Vamos dar um exemplo desta confusa interpreta\u00e7\u00e3o. O jogador de defesa do Palmeiras deu um encontr\u00e3o forte em um atacante e o \u00e1rbitro interpretou como lance faltoso. Em sequ\u00eancia, poucos minutos ap\u00f3s, o jogador Giay em uma arrancada pela ponta direita recebeu tamb\u00e9m um encontr\u00e3o forte, muito semelhante ao anterior. E nada foi marcado!<\/p>\n\n\n\n<p>Este \u00e9 somente um exemplo de falta de crit\u00e9rio do \u00e1rbitro &nbsp;Tivemos in\u00fameros lances semelhantes, ora marcado e ora n\u00e3o marcado. N\u00e3o temos nada contra a dividir a interpreta\u00e7\u00e3o em \u201cfaltinhas e faltonas\u201d (apesar que a regra XII n\u00e3o contempla este tipo de divis\u00e3o), mas, desde que siga o mesmo crit\u00e9rio, como se diz popularmente <em>\u201cpau que bate em Chico, bate em Francisco\u201d<\/em> e n\u00e3o \u00e9 isto que presenciamos na partida deste domingo no Allianz e nem nos demais jogos pelos campos brasileiros.<\/p>\n\n\n\n<p><strong>AVALIA\u00c7\u00c3O: 5,5<\/strong><strong><\/strong><\/p>\n\n\n\n<h2 class=\"wp-block-heading\">Disciplina<\/h2>\n\n\n\n<p>Foram assinaladas 31 faltas, 14 contra o Palmeiras e 17 contra o Mirassol. Foram mostrados seis cart\u00f5es amarelos, dois para o Palmeiras e quatro para o Mirassol. O jogador Allan do Palmeiras cometeu uma falta acima da toler\u00e2ncia permitida e n\u00e3o recebeu puni\u00e7\u00e3o. O defensor do Mirassol tamb\u00e9m cometeu uma falta semelhante a de Allan e tamb\u00e9m n\u00e3o foi punido.<\/p>\n\n\n\n<p>N\u00e3o podemos questionar o cart\u00e3o para Carlos Miguel, mas podemos questionar a n\u00e3o puni\u00e7\u00e3o disciplinar para o atacante do Mirassol. Vamos ilustrar o ocorrido. Carlos Miguel fez uma defesa no ch\u00e3o, com a bola dominada, e o atacante se chocou com ele, lance este que podia perfeitamente ser evitado. Entretanto, o atacante n\u00e3o fez a m\u00ednima quest\u00e3o de evitar o choque e acabou tocando no goleiro, que levantou irritado e partiu para cima do mesmo. Ambas as situa\u00e7\u00f5es poderiam, com um pouco de fair play, serem evitadas e o \u00e1rbitro puniu somente o goleiro.<\/p>\n\n\n\n<p><strong>AVALIA\u00c7\u00c3O: 6,0<\/strong><strong><\/strong><\/p>\n\n\n\n<h2 class=\"wp-block-heading\">Controle de tempo<\/h2>\n\n\n\n<p><strong>Acr\u00e9scimos:<\/strong><\/p>\n\n\n\n<ul class=\"wp-block-list\">\n<li><strong>1\u00ba tempo: 6 minutos<\/strong><\/li>\n\n\n\n<li><strong>2\u00ba tempo: 8 minutos<\/strong><\/li>\n<\/ul>\n\n\n\n<p>Tivemos parada para hidrata\u00e7\u00e3o em ambos os per\u00edodos. No primeiro tempo, o \u00e1rbitro teve algum problema em seus aparelhos de comunica\u00e7\u00e3o, e teve uma parada n\u00e3o muito curta. O time do interior usou e abusou de retardar o rein\u00edcio de jogo, e parte do tempo foi compensado. No segundo tempo houve atendimento a jogadores e cinco interrup\u00e7\u00f5es para substitui\u00e7\u00f5es, portanto, neste item o \u00e1rbitro agiu corretamente.<\/p>\n\n\n\n<ul class=\"wp-block-list\">\n<li><strong>Tempo total de jogo: 104\u201912<\/strong><\/li>\n\n\n\n<li><strong>Bola Rolando: 55\u201920<\/strong><\/li>\n\n\n\n<li><strong>Paradas de jogo: 100<\/strong><\/li>\n\n\n\n<li><strong>Posse de bola: Palmeiras 43% x Mirassol 57%<\/strong><\/li>\n<\/ul>\n\n\n\n<p><strong>AVALIA\u00c7\u00c3O: 8,0<\/strong><strong><\/strong><\/p>\n\n\n\n<h2 class=\"wp-block-heading\">Assistentes<\/h2>\n\n\n\n<p>Curiosamente n\u00e3o tivemos nenhum impedimento neste jogo. O assistente n\u00famero 2 em um princ\u00edpio de entrevero entre Flaco L\u00f3pez e um defensor, rapidamente se colocou entre os jogadores e evitou um problema maior.<\/p>\n\n\n\n<h2 class=\"wp-block-heading\">VAR<\/h2>\n\n\n\n<p>Foi chamado somente na verifica\u00e7\u00e3o do p\u00eanalti acima citado.<\/p>\n\n\n\n<h2 class=\"wp-block-heading\">Conclus\u00e3o<\/h2>\n\n\n\n<p>Foi uma partida confusa do \u00e1rbitro. J\u00e1 vimos atua\u00e7\u00f5es melhores que esta noite e outras igualmente confusas. \u00c9 um \u00e1rbitro ainda em ascens\u00e3o, que precisa de antidoto para a picada da mosca, pois qualidade j\u00e1 mostrou que tem,<\/p>\n\n\n\n<p><strong>AVALIA\u00c7\u00c3O: 6,2<\/strong><strong><\/strong><\/p>\n\n\n\n<figure class=\"wp-block-image size-full\"><img loading=\"lazy\" decoding=\"async\" width=\"1004\" height=\"202\" src=\"https:\/\/3vv.com.br\/novo\/wp-content\/uploads\/2026\/03\/image-3.png\" alt=\"\" class=\"wp-image-42522\" srcset=\"https:\/\/3vv.com.br\/novo\/wp-content\/uploads\/2026\/03\/image-3.png 1004w, https:\/\/3vv.com.br\/novo\/wp-content\/uploads\/2026\/03\/image-3-300x60.png 300w, https:\/\/3vv.com.br\/novo\/wp-content\/uploads\/2026\/03\/image-3-768x155.png 768w, https:\/\/3vv.com.br\/novo\/wp-content\/uploads\/2026\/03\/image-3-128x26.png 128w, https:\/\/3vv.com.br\/novo\/wp-content\/uploads\/2026\/03\/image-3-32x6.png 32w, https:\/\/3vv.com.br\/novo\/wp-content\/uploads\/2026\/03\/image-3-356x72.png 356w, https:\/\/3vv.com.br\/novo\/wp-content\/uploads\/2026\/03\/image-3-470x95.png 470w, https:\/\/3vv.com.br\/novo\/wp-content\/uploads\/2026\/03\/image-3-70x14.png 70w, https:\/\/3vv.com.br\/novo\/wp-content\/uploads\/2026\/03\/image-3-100x20.png 100w\" sizes=\"auto, (max-width: 1004px) 100vw, 1004px\" \/><\/figure>\n\n\n\n<p><\/p>\n\n\n\n<p>***<\/p>\n\n\n\n<h2 class=\"wp-block-heading\">Leia mais<\/h2>\n\n\n<ul class=\"wp-block-latest-posts__list wp-block-latest-posts\"><li><a class=\"wp-block-latest-posts__post-title\" href=\"https:\/\/3vv.com.br\/novo\/arbitragem-de-gustavo-tejera-em-cer-1x1-sep\/\">Arbitragem de Gustavo Tejera em CER 1&#215;1 SEP<\/a><\/li>\n<li><a class=\"wp-block-latest-posts__post-title\" href=\"https:\/\/3vv.com.br\/novo\/cerro-porteno-1x1-palmeiras-libertadores-2026-r03\/\">Cerro Porte\u00f1o 1&#215;1 Palmeiras: Libertadores 2026 R03<\/a><\/li>\n<li><a class=\"wp-block-latest-posts__post-title\" href=\"https:\/\/3vv.com.br\/novo\/rbb-0x1-palmeiras-vitoria-e-destaque-pra-carlos-miguel\/\">RBB 0x1 Palmeiras: vit\u00f3ria e destaque pra Carlos Miguel<\/a><\/li>\n<li><a class=\"wp-block-latest-posts__post-title\" href=\"https:\/\/3vv.com.br\/novo\/arbitragem-de-piero-maza-em-palmeiras-2x1-s-cristal\/\">Arbitragem de Piero Maza em Palmeiras 2&#215;1 S. Cristal<\/a><\/li>\n<li><a class=\"wp-block-latest-posts__post-title\" href=\"https:\/\/3vv.com.br\/novo\/arbitragem-de-flavio-rodrigues-de-souza-cor-0x0-sep\/\">Arbitragem de Flavio ROdrigues de Souza COR 0x0 SEP<\/a><\/li>\n<\/ul>","protected":false},"excerpt":{"rendered":"<p>Cr\u00e9dito da imagem: Cesar Greco\/Palmeiras\/by Canon Por Oiti Cipriani PALMEIRAS 1 X 0 MIRASSOL COMPETI\u00c7\u00c3O: CAMPEONATO BRASILEIRO \u2013 6\u00aa RODADA \u00c1rbitro \u00c1rbitro de Jaboat\u00e3o de Guararapes, de 38 anos. Depois de um ano muito consistente no Campeonato Brasileiro de 2023, foi promovido a \u00e1rbitro internacional FIFA no in\u00edcio de 2024. O jogo da tarde\/noite deste&#8230;<\/p>\n","protected":false},"author":1,"featured_media":42519,"comment_status":"open","ping_status":"open","sticky":false,"template":"","format":"standard","meta":{"h5ap_radio_sources":[],"footnotes":""},"categories":[683,311,309,310],"tags":[280,283,458],"class_list":["post-42521","post","type-post","status-publish","format-standard","has-post-thumbnail","hentry","category-3vv-campeonato-brasileiro-2026","category-jogos-palmeiras-3vv","category-ck5-noticias","category-osservatorio-arbitrale","tag-arbitragem","tag-osservatorio-arbitrale","tag-rodrigo-jose-pereira-de-lima"],"acf":[],"aioseo_notices":[],"_links":{"self":[{"href":"https:\/\/3vv.com.br\/novo\/wp-json\/wp\/v2\/posts\/42521","targetHints":{"allow":["GET"]}}],"collection":[{"href":"https:\/\/3vv.com.br\/novo\/wp-json\/wp\/v2\/posts"}],"about":[{"href":"https:\/\/3vv.com.br\/novo\/wp-json\/wp\/v2\/types\/post"}],"author":[{"embeddable":true,"href":"https:\/\/3vv.com.br\/novo\/wp-json\/wp\/v2\/users\/1"}],"replies":[{"embeddable":true,"href":"https:\/\/3vv.com.br\/novo\/wp-json\/wp\/v2\/comments?post=42521"}],"version-history":[{"count":1,"href":"https:\/\/3vv.com.br\/novo\/wp-json\/wp\/v2\/posts\/42521\/revisions"}],"predecessor-version":[{"id":42523,"href":"https:\/\/3vv.com.br\/novo\/wp-json\/wp\/v2\/posts\/42521\/revisions\/42523"}],"wp:featuredmedia":[{"embeddable":true,"href":"https:\/\/3vv.com.br\/novo\/wp-json\/wp\/v2\/media\/42519"}],"wp:attachment":[{"href":"https:\/\/3vv.com.br\/novo\/wp-json\/wp\/v2\/media?parent=42521"}],"wp:term":[{"taxonomy":"category","embeddable":true,"href":"https:\/\/3vv.com.br\/novo\/wp-json\/wp\/v2\/categories?post=42521"},{"taxonomy":"post_tag","embeddable":true,"href":"https:\/\/3vv.com.br\/novo\/wp-json\/wp\/v2\/tags?post=42521"}],"curies":[{"name":"wp","href":"https:\/\/api.w.org\/{rel}","templated":true}]}}