{"id":42591,"date":"2026-04-30T02:46:25","date_gmt":"2026-04-30T05:46:25","guid":{"rendered":"https:\/\/3vv.com.br\/novo\/?p=42591"},"modified":"2026-04-30T02:46:25","modified_gmt":"2026-04-30T05:46:25","slug":"arbitragem-de-gustavo-tejera-em-cer-1x1-sep","status":"publish","type":"post","link":"https:\/\/3vv.com.br\/novo\/arbitragem-de-gustavo-tejera-em-cer-1x1-sep\/","title":{"rendered":"Arbitragem de Gustavo Tejera em CER 1&#215;1 SEP"},"content":{"rendered":"\n<p class=\"has-small-font-size\"><em>Cr\u00e9dito da imagem: Cesar Greco\/Palmeiras\/by Canon<\/em><\/p>\n\n\n\n<p><em>Por Oiti Cipriani<\/em><\/p>\n\n\n\n<h2 class=\"wp-block-heading\">CERRO PORTE\u00d1O 1 X 1 PALMEIRAS <\/h2>\n\n\n\n<p><strong>COMPETI\u00c7\u00c3O LIBERTADORES 2026 \u2013 3\u00aa RODADA- FASE DE GRUPOS<\/strong><strong><\/strong><\/p>\n\n\n\n<ul class=\"wp-block-list\">\n<li><strong>\u00c1rbitro:\u00a0Gustavo Tejera (URU)<\/strong><\/li>\n\n\n\n<li><strong>\u00c1rbitro assistente 1:\u00a0Martin Soppi (URU)<\/strong><\/li>\n\n\n\n<li><strong>\u00c1rbitro assistente 2:\u00a0Horacio Ferreiro (URU)<\/strong><\/li>\n\n\n\n<li><strong>Quarto \u00e1rbitro:\u00a0Alberto Ferres (URU)<\/strong><\/li>\n\n\n\n<li><strong>VAR:\u00a0Antonio Garcia (URU)<\/strong><\/li>\n<\/ul>\n\n\n\n<h2 class=\"wp-block-heading\">\u00c1rbitro <\/h2>\n\n\n\n<p>\u00c1rbitro uruguaio, natural de Montevideo, 38 anos (20\/01\/1988), FIFA desde 2018. Escalado para o pr\u00f3ximo mundial da FIFA deste ano. O jogo desta noite de quarta-feira no Paraguai foi o seu terceiro jogo nesta edi\u00e7\u00e3o da Copa Libertadores, mostrando somente 12 cart\u00f5es amarelos.<\/p>\n\n\n\n<h2 class=\"wp-block-heading\">An\u00e1lise T\u00e9cnica<\/h2>\n\n\n\n<p class=\"has-medium-font-size\"><strong>Lances pol\u00eamicos<\/strong><strong><\/strong><\/p>\n\n\n\n<p>N\u00e3o tivemos lances pol\u00eamicos no jogo, apesar do Palmeiras ter reclamado um p\u00eanalti no final da partida, em um lance casual.<\/p>\n\n\n\n<p class=\"has-medium-font-size\"><strong>Trabalho de campo<\/strong><strong><\/strong><\/p>\n\n\n\n<p>\u00c1rbitro relativamente desconhecido do p\u00fablico brasileiro, fez uma boa arbitragem. Foi discreto, mostrou excelente preparo f\u00edsico, estando sempre pr\u00f3ximo \u00e0s jogadas, com bom posicionamento em jogo, n\u00e3o atrapalhando o desenvolvimento da partida, mesmo com a proximidade dos lances. N\u00e3o marcou algumas faltas que ocorreram, todavia, teve uma virtude que reclamamos dos \u00e1rbitros brasileiros: crit\u00e9rio. Marcou e deixou de marcar lances semelhante,<\/p>\n\n\n\n<p><strong>AVALIA\u00c7\u00c3O: 8,5<\/strong><strong><\/strong><\/p>\n\n\n\n<h2 class=\"wp-block-heading\">Disciplina<\/h2>\n\n\n\n<p>Assinalou somente 13 faltas durante o jogo. Isto comprova que deixou o jogo correr. Oito faltas contra o time paraguaio e cinco contra o Palmeiras, mostrando somente dois cart\u00f5es amarelos, uma para cada equipe. Ambos os cart\u00f5es por atitudes temer\u00e1rias. Fez um jogo tranquilo que poderia ser complicado.<\/p>\n\n\n\n<p><strong>AVALIA\u00c7\u00c3O: 8,0<\/strong><strong><\/strong><\/p>\n\n\n\n<h2 class=\"wp-block-heading\">Controle de tempo<\/h2>\n\n\n\n<p><strong>Acr\u00e9scimos:<\/strong><\/p>\n\n\n\n<ul class=\"wp-block-list\">\n<li><strong>1\u00ba tempo <\/strong>5 minutos<\/li>\n\n\n\n<li><strong>2\u00ba tempo <\/strong>5 minutos.<\/li>\n<\/ul>\n\n\n\n<p>Em ambos os tempos tivemos parada para hidrata\u00e7\u00e3o, com as substitui\u00e7\u00f5es e atendimento a jogadores. Os minutos de acr\u00e9scimo no segundo tempo poderiam ser mais el\u00e1sticos.<\/p>\n\n\n\n<ul class=\"wp-block-list\">\n<li><strong>Tempo total de jogo: <\/strong>100\u201900<\/li>\n\n\n\n<li><strong>Bola Rolando: 54\u201919<\/strong><\/li>\n\n\n\n<li><strong>Paradas de jogo: 95<\/strong><\/li>\n\n\n\n<li><strong>Posse de bola:<\/strong> Cerro <strong>34% x <\/strong>Palmeiras <strong>66%<\/strong><\/li>\n<\/ul>\n\n\n\n<p><strong>AVALIA\u00c7\u00c3O: 7,0<\/strong><strong><\/strong><\/p>\n\n\n\n<h2 class=\"wp-block-heading\">Assistentes<\/h2>\n\n\n\n<p>N\u00e3o tiveram trabalho em sua \u00e1rea de a\u00e7\u00e3o.<\/p>\n\n\n\n<h2 class=\"wp-block-heading\">VAR<\/h2>\n\n\n\n<p>N\u00e3o foi chamado a intervir.<\/p>\n\n\n\n<h2 class=\"wp-block-heading\">Conclus\u00e3o<\/h2>\n\n\n\n<p>Boa e tranquila arbitragem de um \u00e1rbitro que n\u00e3o figura entre os mais conhecidos do continente.<\/p>\n\n\n\n<p><strong>AVALIA\u00c7\u00c3O: 8,0<\/strong><\/p>\n\n\n\n<figure class=\"wp-block-image size-full\"><img loading=\"lazy\" decoding=\"async\" width=\"886\" height=\"301\" src=\"https:\/\/3vv.com.br\/novo\/wp-content\/uploads\/2026\/04\/image-4.png\" alt=\"\" class=\"wp-image-42592\" srcset=\"https:\/\/3vv.com.br\/novo\/wp-content\/uploads\/2026\/04\/image-4.png 886w, https:\/\/3vv.com.br\/novo\/wp-content\/uploads\/2026\/04\/image-4-300x102.png 300w, https:\/\/3vv.com.br\/novo\/wp-content\/uploads\/2026\/04\/image-4-768x261.png 768w, https:\/\/3vv.com.br\/novo\/wp-content\/uploads\/2026\/04\/image-4-128x43.png 128w, https:\/\/3vv.com.br\/novo\/wp-content\/uploads\/2026\/04\/image-4-32x11.png 32w, https:\/\/3vv.com.br\/novo\/wp-content\/uploads\/2026\/04\/image-4-356x121.png 356w, https:\/\/3vv.com.br\/novo\/wp-content\/uploads\/2026\/04\/image-4-470x160.png 470w, https:\/\/3vv.com.br\/novo\/wp-content\/uploads\/2026\/04\/image-4-70x24.png 70w, https:\/\/3vv.com.br\/novo\/wp-content\/uploads\/2026\/04\/image-4-100x34.png 100w\" sizes=\"auto, (max-width: 886px) 100vw, 886px\" \/><\/figure>\n\n\n\n<p><\/p>\n\n\n\n<p>***<\/p>\n\n\n\n<h2 class=\"wp-block-heading\">Leia mais<\/h2>\n\n\n<ul class=\"wp-block-latest-posts__list wp-block-latest-posts\"><li><a class=\"wp-block-latest-posts__post-title\" href=\"https:\/\/3vv.com.br\/novo\/arbitragem-de-gustavo-tejera-em-cer-1x1-sep\/\">Arbitragem de Gustavo Tejera em CER 1&#215;1 SEP<\/a><\/li>\n<li><a class=\"wp-block-latest-posts__post-title\" href=\"https:\/\/3vv.com.br\/novo\/cerro-porteno-1x1-palmeiras-libertadores-2026-r03\/\">Cerro Porte\u00f1o 1&#215;1 Palmeiras: Libertadores 2026 R03<\/a><\/li>\n<li><a class=\"wp-block-latest-posts__post-title\" href=\"https:\/\/3vv.com.br\/novo\/rbb-0x1-palmeiras-vitoria-e-destaque-pra-carlos-miguel\/\">RBB 0x1 Palmeiras: vit\u00f3ria e destaque pra Carlos Miguel<\/a><\/li>\n<li><a class=\"wp-block-latest-posts__post-title\" href=\"https:\/\/3vv.com.br\/novo\/arbitragem-de-piero-maza-em-palmeiras-2x1-s-cristal\/\">Arbitragem de Piero Maza em Palmeiras 2&#215;1 S. Cristal<\/a><\/li>\n<li><a class=\"wp-block-latest-posts__post-title\" href=\"https:\/\/3vv.com.br\/novo\/arbitragem-de-flavio-rodrigues-de-souza-cor-0x0-sep\/\">Arbitragem de Flavio ROdrigues de Souza COR 0x0 SEP<\/a><\/li>\n<\/ul>","protected":false},"excerpt":{"rendered":"<p>Cr\u00e9dito da imagem: Cesar Greco\/Palmeiras\/by Canon Por Oiti Cipriani CERRO PORTE\u00d1O 1 X 1 PALMEIRAS COMPETI\u00c7\u00c3O LIBERTADORES 2026 \u2013 3\u00aa RODADA- FASE DE GRUPOS \u00c1rbitro \u00c1rbitro uruguaio, natural de Montevideo, 38 anos (20\/01\/1988), FIFA desde 2018. Escalado para o pr\u00f3ximo mundial da FIFA deste ano. O jogo desta noite de quarta-feira no Paraguai foi o&#8230;<\/p>\n","protected":false},"author":1,"featured_media":42582,"comment_status":"open","ping_status":"open","sticky":false,"template":"","format":"standard","meta":{"h5ap_radio_sources":[],"footnotes":""},"categories":[694,309,310],"tags":[280,697,696,283],"class_list":["post-42591","post","type-post","status-publish","format-standard","has-post-thumbnail","hentry","category-libertadores-2026-3vv","category-ck5-noticias","category-osservatorio-arbitrale","tag-arbitragem","tag-gustavo-tejera","tag-libertadores-2026","tag-osservatorio-arbitrale"],"acf":[],"aioseo_notices":[],"_links":{"self":[{"href":"https:\/\/3vv.com.br\/novo\/wp-json\/wp\/v2\/posts\/42591","targetHints":{"allow":["GET"]}}],"collection":[{"href":"https:\/\/3vv.com.br\/novo\/wp-json\/wp\/v2\/posts"}],"about":[{"href":"https:\/\/3vv.com.br\/novo\/wp-json\/wp\/v2\/types\/post"}],"author":[{"embeddable":true,"href":"https:\/\/3vv.com.br\/novo\/wp-json\/wp\/v2\/users\/1"}],"replies":[{"embeddable":true,"href":"https:\/\/3vv.com.br\/novo\/wp-json\/wp\/v2\/comments?post=42591"}],"version-history":[{"count":1,"href":"https:\/\/3vv.com.br\/novo\/wp-json\/wp\/v2\/posts\/42591\/revisions"}],"predecessor-version":[{"id":42593,"href":"https:\/\/3vv.com.br\/novo\/wp-json\/wp\/v2\/posts\/42591\/revisions\/42593"}],"wp:featuredmedia":[{"embeddable":true,"href":"https:\/\/3vv.com.br\/novo\/wp-json\/wp\/v2\/media\/42582"}],"wp:attachment":[{"href":"https:\/\/3vv.com.br\/novo\/wp-json\/wp\/v2\/media?parent=42591"}],"wp:term":[{"taxonomy":"category","embeddable":true,"href":"https:\/\/3vv.com.br\/novo\/wp-json\/wp\/v2\/categories?post=42591"},{"taxonomy":"post_tag","embeddable":true,"href":"https:\/\/3vv.com.br\/novo\/wp-json\/wp\/v2\/tags?post=42591"}],"curies":[{"name":"wp","href":"https:\/\/api.w.org\/{rel}","templated":true}]}}